{"id":33627,"date":"2026-03-08T11:34:52","date_gmt":"2026-03-08T11:34:52","guid":{"rendered":"https:\/\/www.coloredcaramel.com\/how-to-blend-alcohol-markers-2\/"},"modified":"2026-09-05T12:35:51","modified_gmt":"2026-09-05T12:35:51","slug":"hogyan-dolgozd-ossze-az-alkoholos-filceket-csikok","status":"publish","type":"post","link":"https:\/\/www.coloredcaramel.com\/hu\/hogyan-dolgozd-ossze-az-alkoholos-filceket-csikok\/","title":{"rendered":"Hogyan dolgozd \u00f6ssze az alkoholos filceket cs\u00edkok \u00e9s \u00e1t\u00fct\u00e9s n\u00e9lk\u00fcl"},"content":{"rendered":"\n<p class=\"wp-block-paragraph\"><strong>\u00d6sszefoglal\u00f3<\/strong>: Az alkoholos filcek sat\u00edroz\u00e1sa sokkal k\u00f6nnyebb, ha \u00e9rted, hogyan mozog a tinta, \u00e9s milyen gyorsan sz\u00e1rad. A pap\u00edr min\u0151s\u00e9ge fontosabb, mint azt a legt\u00f6bben gondoln\u00e1k, \u00e9s az is, hogy egym\u00e1shoz \u00e9rt\u00e9kben k\u00f6zeli sz\u00edneket v\u00e1lassz. Ebben az \u00fatmutat\u00f3ban megmutatom, hogyan v\u00e1lassz j\u00f3l sat\u00edrozhat\u00f3 \u00e1rnyalatokat, m\u00e9g egy kisebb filck\u00e9szletb\u0151l is, milyen vil\u00e1gosb\u00f3l s\u00f6t\u00e9tbe halad\u00f3 m\u00f3dszerre t\u00e1maszkodom, hogyan el\u0151z\u00f6m meg a cs\u00edkosod\u00e1st nagyobb fel\u00fcleteken, \u00e9s mit csin\u00e1lok, ha a sat\u00edroz\u00e1s el kezd f\u00e9lresiklani.<\/p>\n\n\n<hr class=\"wp-block-separator has-alpha-channel-opacity\"\/>\n\n\n<p class=\"wp-block-paragraph\">Van valami nagyon kiel\u00e9g\u00edt\u0151 az alkoholos filcek sat\u00edroz\u00e1s\u00e1ban. Amikor megl\u00e1tod azokat a sima, b\u00e1rsonyos, t\u00f6k\u00e9letesen eldolgozott \u00e1tmeneteket, az eg\u00e9sz folyamat szinte er\u0151fesz\u00edt\u00e9s n\u00e9lk\u00fclinek t\u0171nhet. A sz\u00ednek sz\u00e9pen \u00f6sszefolynak. Az \u00e1rny\u00e9kok puh\u00e1k lesznek, nem kem\u00e9nyek. Ilyen v\u00e9geredm\u00e9nyt\u0151l egy oldal gondosan kidolgozottnak hat, m\u00e9g akkor is, ha maga a minta egyszer\u0171.<\/p>\n\n\n<p class=\"wp-block-paragraph\">Azt\u00e1n le\u00fclsz a saj\u00e1t <a target=\"_blank\" rel=\"noreferrer noopener\" href=\"https:\/\/www.coloredcaramel.com\/kawaii-coloring-pages\/\">nyomtathat\u00f3 sz\u00ednez\u0151lapoddal<\/a>, hogy kipr\u00f3b\u00e1ld. R\u00e1teszel egy s\u00f6t\u00e9t sz\u00ednt, \u00e9s megjelenik egy kem\u00e9ny vonal. Vagy halv\u00e1ny cs\u00edkok bukkannak fel, miut\u00e1n megsz\u00e1rad a sz\u00edn. Vagy ami m\u00e9g rosszabb, megford\u00edtod a lapot, \u00e9s r\u00e1j\u00f6ssz, hogy a h\u00e1toldala \u00fagy n\u00e9z ki, mintha es\u0151mosta lenne.<\/p>\n\n\n<p class=\"wp-block-paragraph\">Ha ez ismer\u0151sen hangzik, az nem azt jelenti, hogy rosszul sat\u00edrozol. Az alkoholos filcek egyszer\u0171en m\u00e1sk\u00e9pp viselkednek, mint a ceruz\u00e1k vagy a vizes b\u00e1zis\u00fa filcek.<\/p>\n\n\n<p class=\"wp-block-paragraph\">A tinta gyorsan mozog, gyorsan sz\u00e1rad, \u00e9s olyan m\u00f3don ter\u00fcl, ami els\u0151re meglephet. Ha meg\u00e9rted, milyen gyorsan mozog, \u00e9s milyen gyorsan sz\u00e1rad, a sat\u00edroz\u00e1s sokkal kezelhet\u0151bb lesz, kev\u00e9sb\u00e9 t\u0171nik tal\u00e1lgat\u00e1snak, ink\u00e1bb egyfajta ritmusnak.<\/p>\n\n\n<h2 class=\"wp-block-heading\" style=\"font-size:25px\">K\u00e9sz\u00edtsd el\u0151 a sz\u00ednez\u0151lapodat, hogy a sat\u00edroz\u00e1s t\u00e9nyleg m\u0171k\u00f6dj\u00f6n<\/h2>\n\n\n<figure class=\"wp-block-image size-full\"><img fetchpriority=\"high\" decoding=\"async\" width=\"1152\" height=\"2048\" src=\"https:\/\/www.coloredcaramel.com\/wp-content\/uploads\/2026\/03\/IMG_0752.jpg\" alt=\"\" class=\"wp-image-30299\" srcset=\"https:\/\/www.coloredcaramel.com\/wp-content\/uploads\/2026\/03\/IMG_0752.jpg 1152w, https:\/\/www.coloredcaramel.com\/wp-content\/uploads\/2026\/03\/IMG_0752-169x300.jpg 169w, https:\/\/www.coloredcaramel.com\/wp-content\/uploads\/2026\/03\/IMG_0752-576x1024.jpg 576w, https:\/\/www.coloredcaramel.com\/wp-content\/uploads\/2026\/03\/IMG_0752-768x1365.jpg 768w, https:\/\/www.coloredcaramel.com\/wp-content\/uploads\/2026\/03\/IMG_0752-864x1536.jpg 864w, https:\/\/www.coloredcaramel.com\/wp-content\/uploads\/2026\/03\/IMG_0752-600x1067.jpg 600w, https:\/\/www.coloredcaramel.com\/wp-content\/uploads\/2026\/03\/IMG_0752-30x54.jpg 30w\" sizes=\"(max-width: 1152px) 100vw, 1152px\" \/><figcaption class=\"wp-element-caption\"><em>Ha el\u0151k\u00e9sz\u00edted a sz\u00ednez\u0151lapot \u00e9s az eszk\u00f6z\u00f6ket, az alkoholos filces sat\u00edroz\u00e1s sokkal sim\u00e1bban megy.<\/em><\/figcaption><\/figure>\n\n\n<p class=\"wp-block-paragraph\"><strong>Hogy a megfelel\u0151 pap\u00edr megfelel\u0151en van-e be\u00e1ll\u00edtva, az d\u00f6nti el, hogy a sat\u00edroz\u00e1sod sima lesz-e vagy cs\u00edkos.<\/strong><\/p>\n\n\n<p class=\"wp-block-paragraph\">A j\u00f3 sat\u00edroz\u00e1s m\u00e1r az els\u0151 vonal el\u0151tt elkezd\u0151dik. Ezt a saj\u00e1t b\u0151r\u00f6m\u00f6n tanultam meg. Amikor el\u0151sz\u00f6r pr\u00f3b\u00e1ltam egy l\u00e1gy, pasztelles eget sat\u00edrozni, teljesen a sz\u00ednv\u00e1laszt\u00e1sra koncentr\u00e1ltam. Lelkesen kiv\u00e1lasztottam a legszebb \u00e1rnyalatokat, an\u00e9lk\u00fcl hogy egy pillanatig is a pap\u00edrra gondoltam volna alatta. Amikor megford\u00edtottam a lapot, led\u00f6bbentem. A sz\u00edn szinte teljesen \u00e1t\u00fct\u00f6tt, a h\u00e1toldal pedig hull\u00e1mos \u00e9s kiss\u00e9 bolyhos lett.<\/p>\n\n\n<p class=\"wp-block-paragraph\">Abban a pillanatban \u00e1llt \u00f6ssze bennem: a pap\u00edr nem csak h\u00e1tt\u00e9r, hanem a technika r\u00e9sze.<\/p>\n\n\n<p class=\"wp-block-paragraph\">Az alkoholos filcek alkohollal szuszpend\u00e1lt fest\u00e9kanyagot tartalmaznak, \u00e9s ez az alkohol gyorsan elp\u00e1rolog. Ett\u0151l a sz\u00ednek m\u00e9g nedvesen \u00f6ssze tudnak olvadni, de k\u00f6zben gyorsan behatolnak a pap\u00edr rostjaiba. A v\u00e9kony pap\u00edr egyenetlen\u00fcl sz\u00edvja be a tint\u00e1t, \u00e9s a sat\u00edroz\u00e1sra nyitva \u00e1ll\u00f3 id\u0151t n\u00e9h\u00e1ny m\u00e1sodpercre r\u00f6vid\u00edti. Ilyenkor cs\u00fasznak be legk\u00f6nnyebben a cs\u00edkok.<\/p>\n\n\n<h3 class=\"wp-block-heading\">Nyomtathat\u00f3 lapokhoz haszn\u00e1lj vastagabb pap\u00edrt<\/h3>\n\n\n<p class=\"wp-block-paragraph\">Ha otthon nyomtatsz sz\u00ednez\u0151lapokat, a nagyj\u00e1b\u00f3l 160\u2013200 g\/m\u00b2-es kartonpap\u00edr (65\u201380 lb cover) \u00e9szrevehet\u0151en jobb kontrollt ad. A sz\u00edn m\u00e9g egy kicsit tov\u00e1bb marad dolgozhat\u00f3, \u00edgy k\u00f6nnyebb lesz a l\u00e1gy sat\u00edroz\u00e1s. Ez az a kis plusz id\u0151, ami t\u00f6bbet sz\u00e1m\u00edt, mint hinn\u00e9d.<\/p>\n\n\n<p class=\"wp-block-paragraph\">Hagyom\u00e1nyos nyomtat\u00f3pap\u00edron n\u00e9ha hallom, hogy a hegy egy picit nyikordul, \u00e9s l\u00e1tom, hogy a tinta egy kicsit sz\u00e9lesebbre ter\u00fcl, mint szeretn\u00e9m. Ez nekem jelzi, hogy lass\u00edtsak, vagy v\u00e1ltsak jobb pap\u00edrra. \u00c1ltal\u00e1ban csak azt jelenti, hogy a lap t\u00fal gyorsan sz\u00edvja be az anyagot. Apr\u00f3s\u00e1g, de ha egyszer \u00e9szreveszed, t\u00f6bb\u00e9 nem tudod nem \u00e9szrevenni.<\/p>\n\n\n<p class=\"wp-block-paragraph\">Ha a vastagabb pap\u00edr nem opci\u00f3, semmi gond. Ink\u00e1bb kisebb \u00e9s finomabb \u00e1tmenetekkel dolgozz, ne nagy, l\u00e1tv\u00e1nyos elhalv\u00e1ny\u00edt\u00e1sokra t\u00f6rekedj. \u0150szint\u00e9n, ezek a l\u00e1gy \u00e1tmenetek gyakran am\u00fagy is szebben mutatnak.<\/p>\n\n\n<h3 class=\"wp-block-heading\">Mindig tegy\u00e9l al\u00e1 v\u00e9d\u0151lapot<\/h3>\n\n\n<p class=\"wp-block-paragraph\">Az alkoholos filcek a legt\u00f6bb pap\u00edron \u00e1t\u00fctnek. Ez az anyag term\u00e9szetes viselked\u00e9se, nem hiba.<\/p>\n\n\n<p class=\"wp-block-paragraph\">Ha minden lap al\u00e1 becs\u00fasztatsz egy felesleges pap\u00edrt, az megv\u00e9di az alatta l\u00e9v\u0151 fel\u00fcletet, \u00e9s megakad\u00e1lyozza a v\u00e9letlen \u00e1tsz\u00ednez\u0151d\u00e9st. A k\u00e9toldalas, v\u00e9kony lapos sz\u00ednez\u0151k\u00f6nyvekben az er\u0151sebb sat\u00edroz\u00e1s t\u00f6bbnyire \u00e1t\u00fct a t\u00faloldalra. Ilyenkor ink\u00e1bb finom sz\u00e9l\u0171 \u00e1rny\u00e9kol\u00e1st haszn\u00e1lok a m\u00e9lyen tel\u00edtett \u00e1tmenetek helyett.<\/p>\n\n\n<h3 class=\"wp-block-heading\">El\u0151sz\u00f6r csin\u00e1lj egy gyors sz\u00ednpr\u00f3b\u00e1t<\/h3>\n\n\n<p class=\"wp-block-paragraph\">Miel\u0151tt egy nagyobb fel\u00fcletbe bele\u00e1lln\u00e1l, teszteld, hogyan viselkedik a tinta azon a konkr\u00e9t lapon. N\u00e9zd meg, meddig marad f\u00e9nyes a fel\u00fclet, mert ez a f\u00e9nyess\u00e9g azt jelzi, hogy m\u00e9g sat\u00edrozhat\u00f3. Figyeld meg, mennyire ter\u00fcl a sz\u00edn, \u00e9s hogyan n\u00e9z ki val\u00f3j\u00e1ban sz\u00e1rad\u00e1s ut\u00e1n.<\/p>\n\n\n<p class=\"wp-block-paragraph\">Csak n\u00e9h\u00e1ny m\u00e1sodperc az eg\u00e9sz, m\u00e9gis rengeteg id\u0151t \u00e9s bossz\u00fas\u00e1got sp\u00f3rolhat meg k\u00e9s\u0151bb.<\/p>\n\n\n<h2 class=\"wp-block-heading\" style=\"font-size:25px\">V\u00e1lassz olyan sz\u00edneket, amelyek sz\u00e9pen \u00f6sszeolvadnak, m\u00e9g kis filck\u00e9szletn\u00e9l is<\/h2>\n\n\n<figure class=\"wp-block-image size-full\"><img decoding=\"async\" width=\"754\" height=\"726\" src=\"https:\/\/www.coloredcaramel.com\/wp-content\/uploads\/2026\/03\/alcohol-marker-color-selection.webp\" alt=\"Hand holding alcohol marker caps showing different color tones used for blending.\" class=\"wp-image-29799\" srcset=\"https:\/\/www.coloredcaramel.com\/wp-content\/uploads\/2026\/03\/alcohol-marker-color-selection.webp 754w, https:\/\/www.coloredcaramel.com\/wp-content\/uploads\/2026\/03\/alcohol-marker-color-selection-300x289.webp 300w, https:\/\/www.coloredcaramel.com\/wp-content\/uploads\/2026\/03\/alcohol-marker-color-selection-600x578.webp 600w, https:\/\/www.coloredcaramel.com\/wp-content\/uploads\/2026\/03\/alcohol-marker-color-selection-56x54.webp 56w\" sizes=\"(max-width: 754px) 100vw, 754px\" \/><figcaption class=\"wp-element-caption\"><em>Ha egym\u00e1shoz \u00e9rt\u00e9kben k\u00f6zeli filceket v\u00e1lasztasz, sokkal sim\u00e1bb \u00e1tmeneteket kapsz.<\/em><\/figcaption><\/figure>\n\n\n<p class=\"wp-block-paragraph\"><strong>A sat\u00edroz\u00e1s akkor m\u0171k\u00f6dik a legjobban, ha a sz\u00edneid \u00e9rt\u00e9kben k\u00f6zel vannak egym\u00e1shoz.<\/strong><\/p>\n\n\n<p class=\"wp-block-paragraph\">Az \u201e\u00e9rt\u00e9k\u201d egyszer\u0171en azt jelenti, mennyire vil\u00e1gos vagy s\u00f6t\u00e9t egy sz\u00edn. K\u00e9t r\u00f3zsasz\u00edn is \u00fctk\u00f6zhet, ha az egyik sokkal s\u00f6t\u00e9tebb a m\u00e1sikn\u00e1l.<\/p>\n\n\n<p class=\"wp-block-paragraph\">N\u00e9ha egy pigment melegebbnek vagy h\u0171v\u00f6sebbnek hat, mint amit a kupak sugall. R\u00e9gebben csak a kupak sz\u00edn\u00e9re hagyatkoztam. Azt gondoltam: \u201eEz a kett\u0151 el\u00e9g k\u00f6zel van<em>.\u201d<\/em> Azt\u00e1n amikor felker\u00fcltek a pap\u00edrra, hirtelen az egyik szinte barn\u00e1snak t\u0171nt a m\u00e1sik mellett. Ez a meglepet\u00e9s mindig megtr\u00e9f\u00e1lt, ez\u00e9rt most m\u00e1r ink\u00e1bb fokozatos v\u00e1lt\u00e1sokra t\u00f6rekszem.<\/p>\n\n\n<p class=\"wp-block-paragraph\">P\u00e9ld\u00e1ul a fenti k\u00e9p a gy\u0171jtem\u00e9nyemben l\u00e9v\u0151 <a href=\"https:\/\/global.ohuhu.com\/collections\/ohuhu-markers-for-united-states-artists\" target=\"_blank\" rel=\"noreferrer noopener\">Ohuhu alkoholos filcek<\/a> k\u00fcl\u00f6nb\u00f6z\u0151 sz\u00edneit mutatja, \u00e9s ezek azok, amelyek sz\u00e9pen \u00f6ssze fognak sat\u00edroz\u00f3dni.<\/p>\n\n\n<p class=\"wp-block-paragraph\"><strong>S\u00e1rga \u00e1tmenet<\/strong>: E280 \u2192 Y1 \u2192 Y12 \u2192 YR33<br><strong>S\u00e1rg\u00e1sz\u00f6ld \u00e1tmenet<\/strong>: Y1 \u2192 YR33 \u2192 GY4 \u2192 GY5<br><strong>Sz\u00fcrke \u00e1tmenet<\/strong>: MG020 \u2192 MG060 \u2192 BG105<\/p>\n\n\n<h3 class=\"wp-block-heading\">V\u00e1lassz 2-3 t\u00f3nust ugyanabb\u00f3l a csal\u00e1db\u00f3l<\/h3>\n\n\n<p class=\"wp-block-paragraph\">Egy halv\u00e1ny r\u00f3zsasz\u00edn, egy k\u00f6z\u00e9pt\u00f3nus\u00fa p\u00edr \u00e9s egy kiss\u00e9 m\u00e9lyebb r\u00f3zsa \u00e1ltal\u00e1ban k\u00f6nnyed\u00e9n \u00f6sszefolyik. Nem kell hatalmas k\u00e9szlet.<\/p>\n\n\n<p class=\"wp-block-paragraph\">M\u00e9g egy kis 12 darabos k\u00e9szlet is remek\u00fcl m\u0171k\u00f6dik, ha az er\u0151s kontraszt helyett az apr\u00f3 k\u00fcl\u00f6nbs\u00e9geket keresed. Itt kev\u00e9sb\u00e9 a mennyis\u00e9g, ink\u00e1bb a k\u00f6zels\u00e9g sz\u00e1m\u00edt<em>.<\/em><\/p>\n\n\n<h3 class=\"wp-block-heading\">Haszn\u00e1lj egy k\u00f6z\u00e9pt\u00f3nust h\u00eddk\u00e9nt<\/h3>\n\n\n<p class=\"wp-block-paragraph\">Ha k\u00e9t \u00e1rnyalat t\u00fal t\u00e1volinak \u00e9rz\u0151dik egym\u00e1st\u00f3l, egy k\u00f6ztes t\u00f3nus gyakran azonnal puh\u00edtja az \u00e1tmenetet. Az a kis \u201eh\u00edd\u201d \u00e1rnyalat el tudja t\u00fcntetni azt a kem\u00e9ny vonalat, ami akkor jelenik meg, amikor a t\u00e1voli sz\u00ednek k\u00f6zvetlen\u00fcl tal\u00e1lkoznak.<\/p>\n\n\n<h3 class=\"wp-block-heading\">Ha bizonytalan vagy, v\u00e1lassz vil\u00e1gosabbat<\/h3>\n\n\n<p class=\"wp-block-paragraph\">Ha bizonytalan vagyok, ink\u00e1bb vil\u00e1gosabbat v\u00e1lasztok. \u00c9s \u0151szint\u00e9n, m\u00e9g sosem b\u00e1ntam meg.<\/p>\n\n\n<p class=\"wp-block-paragraph\">Mindig tudsz m\u00e9g m\u00e9lys\u00e9get adni az \u00e1rny\u00e9koknak. R\u00e1\u00e9p\u00edthetsz m\u00e9g egy r\u00e9teget. De ha valami m\u00e1r nagyon s\u00f6t\u00e9t lett, sokkal t\u00f6bb munk\u00e1ba ker\u00fcl finom\u00edtani rajta, ha egy\u00e1ltal\u00e1n lehet.<\/p>\n\n\n<p class=\"wp-block-paragraph\">Megtanultam lassan \u00e9p\u00edteni az \u00e1rny\u00e9kokat. A visszafogott m\u00e9lys\u00e9g gyakran szebben mutat, mint a dr\u00e1mai \u00e1rny\u00e9kol\u00e1s.<\/p>\n\n\n<h2 class=\"wp-block-heading\" style=\"font-size:25px\">Haszn\u00e1ld a vil\u00e1gost\u00f3l a s\u00f6t\u00e9t fel\u00e9 halad\u00f3 r\u00e9tegez\u00e9st, l\u00e9p\u00e9sr\u0151l l\u00e9p\u00e9sre<\/h2>\n\n\n<p class=\"wp-block-paragraph\"><strong>A legegyszer\u0171bb m\u00f3dja a sat\u00edroz\u00e1snak, ha a vil\u00e1gosabbt\u00f3l haladsz a s\u00f6t\u00e9tebb fel\u00e9, majd finoman a vil\u00e1gos sz\u00ednnel dolgozod \u00f6ssze a r\u00e9tegeket.<\/strong><\/p>\n\n\n<p class=\"wp-block-paragraph\">Ez a m\u00f3dszer megb\u00edzhat\u00f3, mert egy\u00fcttm\u0171k\u00f6dik az alkoholos tinta term\u00e9szetes viselked\u00e9s\u00e9vel. Ha szeretn\u00e9d l\u00e1tni ezt a technik\u00e1t m\u0171k\u00f6d\u00e9s k\u00f6zben, tett\u00fcnk mell\u00e9 egy r\u00f6vid vide\u00f3s bemutat\u00f3t is arr\u00f3l, hogyan n\u00e9z ki pap\u00edron a vil\u00e1gost\u00f3l s\u00f6t\u00e9t fel\u00e9 t\u00f6rt\u00e9n\u0151 \u00e1tmenet.<\/p>\n\n\n<p class=\"wp-block-paragraph\">Ne feledd: az \u00e1rny\u00e9kot mindig tudod m\u00e9g m\u00e9ly\u00edteni. Visszahozni sokkal nehezebb.<\/p>\n\n\n<figure class=\"wp-block-embed is-type-video is-provider-youtube wp-block-embed-youtube wp-embed-aspect-9-16 wp-has-aspect-ratio\"><div class=\"wp-block-embed__wrapper\">\n<iframe title=\"Colored Caramel \ud83e\udde1 Cute Spookies Cozy Halloween Coloring Book #shorts #asmrcoloring #coloringtutorial\" width=\"563\" height=\"1000\" src=\"https:\/\/www.youtube.com\/embed\/hCOiTWAHOVk?feature=oembed\" frameborder=\"0\" allow=\"accelerometer; autoplay; clipboard-write; encrypted-media; gyroscope; picture-in-picture; web-share\" referrerpolicy=\"strict-origin-when-cross-origin\" allowfullscreen><\/iframe>\n<\/div><\/figure>\n\n\n<h3 class=\"wp-block-heading\">1. l\u00e9p\u00e9s: Alapozz egy vil\u00e1gos alapsz\u00ednnel<\/h3>\n\n\n<p class=\"wp-block-paragraph\">Vidd fel az els\u0151 r\u00e9teget a legvil\u00e1gosabb \u00e1rnyalattal. Ha kisebb ter\u00fcleten dolgozol, mint amekkor\u00e1ra els\u0151re gondoln\u00e1l, sokkal kezelhet\u0151bb marad.<\/p>\n\n\n<p class=\"wp-block-paragraph\">Ha a fel\u00fclet m\u00e9g enyh\u00e9n f\u00e9nyes, j\u00f3 a sat\u00edroz\u00e1si id\u0151ablak. Amikor ez a f\u00e9ny teljesen matt\u00e1 v\u00e1lik, a blendel\u00e9si id\u0151ablak lez\u00e1rul, \u00e9s a sz\u00edn megsz\u00e1radt. Az a finom f\u00e9ny jelzi, hogy m\u00e9g dolgozhatsz vele.<\/p>\n\n\n<h3 class=\"wp-block-heading\">2. l\u00e9p\u00e9s: Tedd be a s\u00f6t\u00e9tet oda, ahol term\u00e9szetesen \u00e1rny\u00e9k van<\/h3>\n\n\n<p class=\"wp-block-paragraph\">Tedd a legs\u00f6t\u00e9tebb sz\u00ednt a hajt\u00e1sok mell\u00e9, a sz\u00e9lekre, vagy oda, ahol az elemek \u00e1tfedik egym\u00e1st. R\u00e9gebben r\u00f6gt\u00f6n er\u0151sen kezdtem, mert azt hittem, a hangs\u00falyos \u00e1rny\u00e9k l\u00e1tv\u00e1nyosabb. T\u00f6bbnyire csak nehezebb\u00e9 tette a sat\u00edroz\u00e1st. A finomabb megold\u00e1s szinte mindig szebben ter\u00fcl.<\/p>\n\n\n<p class=\"wp-block-paragraph\">A l\u00e9nyeg? Kezdd kicsiben. T\u00f6bbet b\u00e1rmikor hozz\u00e1adhatsz.<\/p>\n\n\n<h3 class=\"wp-block-heading\">3. l\u00e9p\u00e9s: L\u00e1gy\u00edtsd el a vil\u00e1gos markerrel<\/h3>\n\n\n<p class=\"wp-block-paragraph\">Miel\u0151tt a ter\u00fclet teljesen megsz\u00e1radna, menj vissza az \u00e1tmenetre apr\u00f3 k\u00f6rk\u00f6r\u00f6s mozdulatokkal vagy r\u00f6vid, finom h\u00faz\u00e1sokkal.<\/p>\n\n\n<p class=\"wp-block-paragraph\">Ilyenkor \u00f3vatosan seg\u00edted \u00f6ssze\u00e9rni a sz\u00edneket, nem pedig d\u00f6rzs\u00f6l\u00f6d a pap\u00edrt, \u00e9s ha t\u00fal sokat v\u00e1rsz a r\u00e9tegek k\u00f6z\u00f6tt, \u00e1ltal\u00e1ban l\u00e1that\u00f3 vonal marad. Ha m\u00e9g f\u00e9nyes \u00e1llapotban dolgozol tov\u00e1bb, sokkal k\u00f6nnyebben \u00f6sszeolvadnak.<\/p>\n\n\n<h2 class=\"wp-block-heading\" style=\"font-size:25px\">Nagy fel\u00fcletek sat\u00edroz\u00e1sa cs\u00edkok n\u00e9lk\u00fcl<\/h2>\n\n\n<p class=\"wp-block-paragraph\"><strong>Az \u00e9szrevehet\u0151 cs\u00edkok elker\u00fcl\u00e9s\u00e9hez figyelj a sz\u00e1rad\u00e1si id\u0151re \u00e9s a von\u00e1sok ir\u00e1ny\u00e1ra.<\/strong><\/p>\n\n\n<p class=\"wp-block-paragraph\">A legnagyobb tr\u00fckk? Az \u00fctem.<\/p>\n\n\n<figure class=\"wp-block-image size-full\"><img decoding=\"async\" width=\"1300\" height=\"1426\" src=\"https:\/\/www.coloredcaramel.com\/wp-content\/uploads\/2026\/03\/10000105702-1-scaled.jpg\" alt=\"\" class=\"wp-image-30300\" srcset=\"https:\/\/www.coloredcaramel.com\/wp-content\/uploads\/2026\/03\/10000105702-1-scaled.jpg 1300w, https:\/\/www.coloredcaramel.com\/wp-content\/uploads\/2026\/03\/10000105702-1-273x300.jpg 273w, https:\/\/www.coloredcaramel.com\/wp-content\/uploads\/2026\/03\/10000105702-1-933x1024.jpg 933w, https:\/\/www.coloredcaramel.com\/wp-content\/uploads\/2026\/03\/10000105702-1-768x843.jpg 768w, https:\/\/www.coloredcaramel.com\/wp-content\/uploads\/2026\/03\/10000105702-1-600x658.jpg 600w, https:\/\/www.coloredcaramel.com\/wp-content\/uploads\/2026\/03\/10000105702-1-49x54.jpg 49w\" sizes=\"(max-width: 1300px) 100vw, 1300px\" \/><figcaption class=\"wp-element-caption\"><em>A nagy fel\u00fcletek akkor sat\u00edrozhat\u00f3k a legszebben, ha kis z\u00f3n\u00e1kban dolgozol, \u00e9s mindig marad egy nedves sz\u00e9l.<\/em><\/figcaption><\/figure>\n\n\n<p class=\"wp-block-paragraph\">Arra, hogy az eg\u00e9sz fel\u00fclettel egyszerre k\u00eds\u00e9rletezzek, ink\u00e1bb m\u00e1r nem is pr\u00f3b\u00e1lkozom. Egy-egy r\u00e9szt sat\u00edrozok, majd egy kicsit \u00e1tl\u00e9pek a k\u00f6vetkez\u0151be, \u00edgy mindig marad valamennyi nedves fest\u00e9k, ami \u00f6sszek\u00f6ti \u0151ket. Ez a \u201enedves sz\u00e9l\u201d akad\u00e1lyozza meg, hogy vonalak alakuljanak ki a r\u00e9szek k\u00f6z\u00f6tt. Olyan, mintha egy apr\u00f3 nedvess\u00e9ghidat tartan\u00e1l \u00e9letben az egyes \u00e1th\u00faz\u00e1sok k\u00f6z\u00f6tt.<\/p>\n\n\n<h3 class=\"wp-block-heading\">Oszd fel a nagy fel\u00fcleteket z\u00f3n\u00e1kra<\/h3>\n\n\n<p class=\"wp-block-paragraph\">\u00c9rdemes kisebb szakaszokban dolgozni. Sat\u00edrozz egy r\u00e9szt, majd enyh\u00e9n l\u00e9pj \u00e1t a k\u00f6vetkez\u0151be, hogy a fel\u00fclet egy r\u00e9sze nedves maradjon, \u00e9s a tinta akt\u00edv maradjon. A \u201enedves sz\u00e9l\u201d egyszer\u0171en azt jelenti, hogy a pigment m\u00e9g \u00f6ssze tud olvadni az \u00faj sz\u00ednnel. Ha minden szakasz k\u00fcl\u00f6n sz\u00e1rad meg, gyakran finom vonalak jelennek meg.<\/p>\n\n\n<p class=\"wp-block-paragraph\">Pr\u00f3b\u00e1ltam m\u00e1r egy eg\u00e9sz h\u00e1tteret egyszerre kisz\u00ednezni, \u00e9s olyan volt, mintha egy elvesz\u00edtett versenyt futn\u00e9k az id\u0151vel. Ma m\u00e1r nem is pr\u00f3b\u00e1lok gyorsan dolgozni.<\/p>\n\n\n<h3 class=\"wp-block-heading\">V\u00e1ltoztasd meg a von\u00e1sok ir\u00e1ny\u00e1t<\/h3>\n\n\n<p class=\"wp-block-paragraph\">A von\u00e1sok ir\u00e1nya is fontosabb, mint els\u0151re t\u0171nik. Az egyenes, oda-vissza mozdulatok halv\u00e1ny cs\u00edkoz\u00e1st hagyhatnak, ami csak akkor l\u00e1tszik, amikor minden megsz\u00e1rad. Az apr\u00f3 k\u00f6rk\u00f6r\u00f6s mozdulatok vagy a finom, r\u00f6vid h\u00faz\u00e1sok \u00e1ltal\u00e1ban egyenletesebben sz\u00e1radnak.<\/p>\n\n\n<p class=\"wp-block-paragraph\">Lassabbnak t\u0171nhet, de meg\u00e9ri azt az extra egy percet.<\/p>\n\n\n<h3 class=\"wp-block-heading\">Cs\u00edkok jav\u00edt\u00e1sa sz\u00e1rad\u00e1s ut\u00e1n, an\u00e9lk\u00fcl hogy rontan\u00e1l rajta<\/h3>\n\n\n<p class=\"wp-block-paragraph\">Ha sz\u00e1rad\u00e1s ut\u00e1n cs\u00edkok jelennek meg, menj \u00e1t \u00f3vatosan a ter\u00fcleten egy k\u00f6z\u00e9pt\u00f3nussal, \u00e9s finoman l\u00e1gy\u00edtsd el kis k\u00f6rk\u00f6r\u00f6s mozdulatokkal. Mindig csak keveset tegy\u00e9l hozz\u00e1 egyszerre. Itt t\u00e9nyleg a kevesebb a t\u00f6bb.<\/p>\n\n\n<figure class=\"wp-block-image size-full\"><img loading=\"lazy\" decoding=\"async\" width=\"1300\" height=\"1734\" src=\"https:\/\/www.coloredcaramel.com\/wp-content\/uploads\/2026\/03\/IMG20260303202028-1-scaled.jpg\" alt=\"\" class=\"wp-image-30302\" srcset=\"https:\/\/www.coloredcaramel.com\/wp-content\/uploads\/2026\/03\/IMG20260303202028-1-scaled.jpg 1300w, https:\/\/www.coloredcaramel.com\/wp-content\/uploads\/2026\/03\/IMG20260303202028-1-225x300.jpg 225w, https:\/\/www.coloredcaramel.com\/wp-content\/uploads\/2026\/03\/IMG20260303202028-1-768x1024.jpg 768w, https:\/\/www.coloredcaramel.com\/wp-content\/uploads\/2026\/03\/IMG20260303202028-1-1152x1536.jpg 1152w, https:\/\/www.coloredcaramel.com\/wp-content\/uploads\/2026\/03\/IMG20260303202028-1-600x800.jpg 600w, https:\/\/www.coloredcaramel.com\/wp-content\/uploads\/2026\/03\/IMG20260303202028-1-40x54.jpg 40w\" sizes=\"(max-width: 1300px) 100vw, 1300px\" \/><figcaption class=\"wp-element-caption\">58<\/figcaption><\/figure>\n\n\n<p class=\"wp-block-paragraph\">Ha egyszerre t\u00fal sok pigmentet viszel fel, blooming alakulhat ki, ezek azok a felh\u0151s foltok, ahol a pigment v\u00e1ratlanul \u00f6sszegy\u0171lik. A kisebb jav\u00edt\u00e1sok \u00e1ltal\u00e1ban szebben beolvadnak, mint a nagyok. A nagy jav\u00edt\u00e1sok gyakran nagyobb probl\u00e9m\u00e1t csin\u00e1lnak.<\/p>\n\n\n<h2 class=\"wp-block-heading\" style=\"font-size:25px\">Gyakori sat\u00edroz\u00e1si hib\u00e1k jav\u00edt\u00e1sa<\/h2>\n\n\n<p class=\"wp-block-paragraph\"><strong>A legt\u00f6bb sat\u00edroz\u00e1si hiba jav\u00edthat\u00f3, f\u0151leg ha id\u0151ben \u00e9szreveszed \u0151ket.<\/strong><\/p>\n\n\n<p class=\"wp-block-paragraph\">A hib\u00e1k a pillanat hev\u00e9ben sokkal dr\u00e1maibbnak t\u0171nnek, f\u0151leg egy olyan oldalon, amit szeretsz. Szerencs\u00e9re sok mindent meg lehet oldani gyors, kontroll\u00e1lt igaz\u00edt\u00e1sokkal.<\/p>\n\n\n<h3 class=\"wp-block-heading\">T\u00fal \u00e9les vonal a sz\u00ednek k\u00f6z\u00f6tt?<\/h3>\n\n\n<p class=\"wp-block-paragraph\">Haszn\u00e1ld a vil\u00e1gosabb markert, \u00e9s finoman h\u00fazd bele a s\u00f6t\u00e9tebb r\u00e9szbe. Ha a vil\u00e1gosat h\u00fazod a s\u00f6t\u00e9t fel\u00e9, jobban k\u00e9zben tarthat\u00f3 a jav\u00edt\u00e1s. Ha a s\u00f6t\u00e9tet tolod kifel\u00e9, \u00e1ltal\u00e1ban tov\u00e1bb ter\u00fcl a sz\u00edn, mint ahogy szeretn\u00e9d.<\/p>\n\n\n<h3 class=\"wp-block-heading\">Iszapos sz\u00ednek<\/h3>\n\n\n<p class=\"wp-block-paragraph\">Az iszapos sz\u00ednek gyakran akkor jelennek meg, ha a t\u00f3nusok t\u00fal messze vannak egym\u00e1st\u00f3l, vagy ha egy ter\u00fcletet t\u00fal sok\u00e1ig dolgozol meg azut\u00e1n, hogy m\u00e1r megsz\u00e1radt.<\/p>\n\n\n<p class=\"wp-block-paragraph\">A komplementer sz\u00ednek, p\u00e9ld\u00e1ul a r\u00f3zsasz\u00edn \u00e9s a z\u00f6ld, szint\u00e9n semleges\u00edthetik egym\u00e1st, ha vastagon r\u00e9tegezed \u0151ket. Egy k\u00f6z\u00e9pt\u00f3nus gyakran visszahozza a tisztas\u00e1got.<\/p>\n\n\n<h3 class=\"wp-block-heading\">T\u00fal s\u00f6t\u00e9tnek \u00e9rz\u0151d\u0151 \u00e1rny\u00e9kok<\/h3>\n\n\n<p class=\"wp-block-paragraph\">Ha egy \u00e1rny\u00e9k a tervezettn\u00e9l nehezebbnek t\u0171nik, a vil\u00e1gosabb \u00e1rnyalat r\u00e1fest\u00e9s\u00e9vel cs\u00f6kkentheted a kontrasztot. Az alkoholos markerek nem t\u00fcntetik el a pigmentet, de a vil\u00e1gosabb r\u00e9tegek \u00e1ltal\u00e1ban l\u00e1gy\u00edtj\u00e1k a kontrasztot. Ez\u00e9rt m\u0171k\u00f6dik olyan j\u00f3l a fokozatos \u00e9p\u00edtkez\u00e9s.<\/p>\n\n\n<figure class=\"wp-block-image size-full\"><img loading=\"lazy\" decoding=\"async\" width=\"1300\" height=\"1628\" src=\"https:\/\/www.coloredcaramel.com\/wp-content\/uploads\/2026\/03\/IMG_9690-2_2-scaled.jpg\" alt=\"\" class=\"wp-image-30303\" srcset=\"https:\/\/www.coloredcaramel.com\/wp-content\/uploads\/2026\/03\/IMG_9690-2_2-scaled.jpg 1300w, https:\/\/www.coloredcaramel.com\/wp-content\/uploads\/2026\/03\/IMG_9690-2_2-240x300.jpg 240w, https:\/\/www.coloredcaramel.com\/wp-content\/uploads\/2026\/03\/IMG_9690-2_2-818x1024.jpg 818w, https:\/\/www.coloredcaramel.com\/wp-content\/uploads\/2026\/03\/IMG_9690-2_2-768x962.jpg 768w, https:\/\/www.coloredcaramel.com\/wp-content\/uploads\/2026\/03\/IMG_9690-2_2-1226x1536.jpg 1226w, https:\/\/www.coloredcaramel.com\/wp-content\/uploads\/2026\/03\/IMG_9690-2_2-600x751.jpg 600w, https:\/\/www.coloredcaramel.com\/wp-content\/uploads\/2026\/03\/IMG_9690-2_2-43x54.jpg 43w\" sizes=\"(max-width: 1300px) 100vw, 1300px\" \/><figcaption class=\"wp-element-caption\"><em>Ha egy \u00e1rny\u00e9k t\u00fal s\u00f6t\u00e9t lett, egy vil\u00e1gosabb markerrel \u00e1tlapolva l\u00e1gy\u00edthatod a kontrasztot, \u00e9s sim\u00e1bb\u00e1 teheted az \u00e1tmenetet.<\/em><\/figcaption><\/figure>\n\n\n<h3 class=\"wp-block-heading\">Kisz\u00ednez\u00e9s a vonalakon t\u00fal?<\/h3>\n\n\n<p class=\"wp-block-paragraph\">Egy sz\u00edntelen blender finoman visszanyomhatja a kisebb hib\u00e1kat a sz\u00ednezett ter\u00fclet fel\u00e9, am\u00edg a m\u00e9dium m\u00e9g form\u00e1zhat\u00f3. A pigmentet elmozd\u00edtja, nem elt\u00e1vol\u00edtja.<\/p>\n\n\n\n<p class=\"wp-block-paragraph\">\u00c9s t\u00e9nyleg, a legt\u00f6bb apr\u00f3 hib\u00e1cska elt\u0171nik, mire az eg\u00e9sz oldal \u00f6ssze\u00e1ll. M\u00e1r \u00e9n is r\u00e1g\u00f3dtam olyan r\u00e9szleteken, amiket m\u00e1snapra m\u00e1r meg sem tal\u00e1ltam. T\u00e1volabbr\u00f3l n\u00e9zve minden sokkal l\u00e1gyabbnak hat.<\/p>\n\n\n<h2 class=\"wp-block-heading\" style=\"font-size:25px\">Amikor a teljes \u00e1tmenetek t\u00fal er\u0151sek<\/h2>\n\n\n<p class=\"wp-block-paragraph\"><strong>Nem mindig van sz\u00fcks\u00e9g l\u00e1tv\u00e1nyos \u00e1tmenetekre ahhoz, hogy m\u00e9lys\u00e9get hozz l\u00e9tre.<\/strong><\/p>\n\n\n<p class=\"wp-block-paragraph\">A teljes \u00e1tmenet nem mindig sz\u00fcks\u00e9ges. N\u00e9ha el\u00e9g, ha felviszek egy alapsz\u00ednt, egy kicsit m\u00e9ly\u00edtem a sz\u00e9leket, a k\u00f6zep\u00e9t pedig nagyr\u00e9szt \u00e9rintetlen\u00fcl hagyom. Ez \u00f6nmag\u00e1ban is finom m\u00e9lys\u00e9get ad, an\u00e9lk\u00fcl hogy t\u00falsz\u00ednezn\u00e9 az oldalt. V\u00e9konyabb pap\u00edron ez a megold\u00e1s r\u00e1ad\u00e1sul tiszt\u00e1bbnak is hat.<\/p>\n\n\n<figure class=\"wp-block-image size-large\"><img loading=\"lazy\" decoding=\"async\" width=\"768\" height=\"1024\" src=\"https:\/\/www.coloredcaramel.com\/wp-content\/uploads\/2026\/03\/IMG_1321-1-768x1024.jpg\" alt=\"\" class=\"wp-image-30305\" srcset=\"https:\/\/www.coloredcaramel.com\/wp-content\/uploads\/2026\/03\/IMG_1321-1-768x1024.jpg 768w, https:\/\/www.coloredcaramel.com\/wp-content\/uploads\/2026\/03\/IMG_1321-1-225x300.jpg 225w, https:\/\/www.coloredcaramel.com\/wp-content\/uploads\/2026\/03\/IMG_1321-1-1152x1536.jpg 1152w, https:\/\/www.coloredcaramel.com\/wp-content\/uploads\/2026\/03\/IMG_1321-1-600x800.jpg 600w, https:\/\/www.coloredcaramel.com\/wp-content\/uploads\/2026\/03\/IMG_1321-1-41x54.jpg 41w, https:\/\/www.coloredcaramel.com\/wp-content\/uploads\/2026\/03\/IMG_1321-1.jpg 1300w\" sizes=\"(max-width: 768px) 100vw, 768px\" \/><figcaption class=\"wp-element-caption\"><em>Az egyszer\u0171 alapsz\u00ednek \u00e9s a finom \u00e1rny\u00e9kol\u00e1s gyakran tiszta, kiegyens\u00falyozott eredm\u00e9nyt adnak.<\/em><\/figcaption><\/figure>\n\n\n<p class=\"wp-block-paragraph\">K\u00e9nyesebb vagy pasztell hangulat\u00fa oldalakon a visszafogott alkoholfilces blending technik\u00e1k gyakran puh\u00e1bbnak \u00e9s kifinomultabbnak \u00e9rz\u0151dnek, mint a hat\u00e1rozott, er\u0151s kontraszt\u00fa \u00e1tmenetek. Ett\u0151l megmarad az a l\u00e1gy, meseszer\u0171 hangulat, an\u00e9lk\u00fcl hogy elnyomn\u00e1 az \u0561\u0574\u0562\u0578\u0572\u057b tervet.<\/p>\n\n\n<h2 class=\"wp-block-heading\" style=\"font-size:25px\">Alak\u00edts ki egy nyugodt gyakorl\u00e1si rutint<\/h2>\n\n\n<p class=\"wp-block-paragraph\"><strong>Ha kezd\u00e9s el\u0151tt r\u00f6vid bemeleg\u00edt\u0151 gyakorlatokat v\u00e9gzel, l\u00e1tv\u00e1nyosan javulhat az ir\u00e1ny\u00edt\u00e1sod.<\/strong><\/p>\n\n\n<p class=\"wp-block-paragraph\">Miel\u0151tt egy teljes oldalt elkezden\u00e9k, n\u00e9ha k\u00e9t-h\u00e1rom apr\u00f3 sz\u00edn\u00e1tmenetes cs\u00edkot rajzolok egy pap\u00edrfecnire. Olyan, mint egy bemeleg\u00edt\u00e9s a kezemnek. Seg\u00edt r\u00e1hangol\u00f3dni egy k\u00e9nyelmes ritmusra, f\u0151leg ha n\u00e9h\u00e1ny napja nem sz\u00edneztem.<\/p>\n\n\n<p class=\"wp-block-paragraph\">Az is seg\u00edthet, ha egy alkalommal csak k\u00e9t-h\u00e1rom \u00e1rnyalatra korl\u00e1tozod magad. \u00cdgy k\u00f6nnyebbnek \u00e9s \u00e9lvezetesebbnek \u00e9rz\u0151dik az eg\u00e9sz folyamat. Kevesebb d\u00f6nt\u00e9s, t\u00f6bb \u00e1raml\u00e1s, \u00e9s kevesebb bizonytalankod\u00e1s<em>.<\/em><\/p>\n\n\n<p class=\"wp-block-paragraph\">A sz\u00ednez\u00e9snek nyugtat\u00f3nak kell lennie. Hagyd, hogy a blending ezt t\u00e1mogassa, ne pedig stresszess\u00e9 tegye az eg\u00e9szet.<\/p>\n\n\n<h2 class=\"wp-block-heading\" style=\"font-size:25px\">F\u0151 tanuls\u00e1gok<\/h2>\n\n\n<p class=\"wp-block-paragraph\">A sz\u00e9p, sima alkoholfilces blending sokkal ink\u00e1bb a pap\u00edron, az id\u0151z\u00edt\u00e9sen \u00e9s a finom sz\u00edn\u00e1tmeneteken m\u00falik, mint a m\u00e1rk\u00e1n vagy az \u00e1ron. Ha lehet, haszn\u00e1lj vastagabb pap\u00edrt, \u00e9s tegy\u00e9l az oldal al\u00e1 egy v\u00e9d\u0151lapot. Olyan \u00e1rnyalatokat v\u00e1lassz, amelyek \u00e9rt\u00e9kben k\u00f6zel \u00e1llnak egym\u00e1shoz, \u00e9s akkor blendeld \u0151ket, amikor a fest\u00e9k m\u00e9g enyh\u00e9n f\u00e9nyes.<\/p>\n\n\n<p class=\"wp-block-paragraph\">Dolgozz kis r\u00e9szekben, \u00e9s r\u00e9tegezd fokozatosan az \u00e1rny\u00e9kokat, \u00edgy elker\u00fclheted a cs\u00edkokat. A legt\u00f6bb hiba \u00f3vatos r\u00e9tegez\u00e9ssel vagy egy sz\u00edntelen blenderrel tomp\u00edthat\u00f3. A visszafogott \u00e1rny\u00e9kol\u00e1s gyakran tiszt\u00e1bbnak t\u0171nik, mint a dr\u00e1mai \u00e1tmenetek, k\u00fcl\u00f6n\u00f6sen a nyomtathat\u00f3 sz\u00ednez\u0151k\u00f6n.<\/p>\n\n\n<p class=\"wp-block-paragraph\">Amint meg\u00e9rted, hogyan mozog \u00e9s sz\u00e1rad a tinta, a blending is sokkal nyugodtabbnak \u00e9s kisz\u00e1m\u00edthat\u00f3bbnak \u00e9rz\u0151dik.<\/p>\n","protected":false},"excerpt":{"rendered":"<p>\u00d6sszefoglal\u00f3: Az alkoholos filcek sat\u00edroz\u00e1sa sokkal k\u00f6nnyebb, ha \u00e9rted, hogyan mozog a tinta, \u00e9s milyen gyorsan sz\u00e1rad. A pap\u00edr min\u0151s\u00e9ge fontosabb, mint azt a legt\u00f6bben gondoln\u00e1k, \u00e9s az is, hogy\u2026<\/p>\n","protected":false},"author":1,"featured_media":0,"comment_status":"open","ping_status":"open","sticky":false,"template":"","format":"standard","meta":{"_acf_changed":false,"_glsr_average":0,"_glsr_ranking":0,"_glsr_reviews":0,"footnotes":""},"categories":[8049],"tags":[],"class_list":["post-33627","post","type-post","status-publish","format-standard","hentry","category-diy-craft-tutorials"],"acf":[],"_links":{"self":[{"href":"https:\/\/www.coloredcaramel.com\/hu\/wp-json\/wp\/v2\/posts\/33627","targetHints":{"allow":["GET"]}}],"collection":[{"href":"https:\/\/www.coloredcaramel.com\/hu\/wp-json\/wp\/v2\/posts"}],"about":[{"href":"https:\/\/www.coloredcaramel.com\/hu\/wp-json\/wp\/v2\/types\/post"}],"author":[{"embeddable":true,"href":"https:\/\/www.coloredcaramel.com\/hu\/wp-json\/wp\/v2\/users\/1"}],"replies":[{"embeddable":true,"href":"https:\/\/www.coloredcaramel.com\/hu\/wp-json\/wp\/v2\/comments?post=33627"}],"version-history":[{"count":0,"href":"https:\/\/www.coloredcaramel.com\/hu\/wp-json\/wp\/v2\/posts\/33627\/revisions"}],"wp:attachment":[{"href":"https:\/\/www.coloredcaramel.com\/hu\/wp-json\/wp\/v2\/media?parent=33627"}],"wp:term":[{"taxonomy":"category","embeddable":true,"href":"https:\/\/www.coloredcaramel.com\/hu\/wp-json\/wp\/v2\/categories?post=33627"},{"taxonomy":"post_tag","embeddable":true,"href":"https:\/\/www.coloredcaramel.com\/hu\/wp-json\/wp\/v2\/tags?post=33627"}],"curies":[{"name":"wp","href":"https:\/\/api.w.org\/{rel}","templated":true}]}}